{"id":974,"date":"2015-12-01T09:12:42","date_gmt":"2015-12-01T08:12:42","guid":{"rendered":"http:\/\/www.hebammenpraxis-ellwangen.de\/wp\/?p=974"},"modified":"2018-05-23T12:04:05","modified_gmt":"2018-05-23T10:04:05","slug":"1-dezember","status":"publish","type":"post","link":"https:\/\/www.hebammenpraxis-ellwangen.de\/wp\/1-dezember\/","title":{"rendered":"1. Dezember"},"content":{"rendered":"<p><a ref=\"magnificPopup\" href=\"https:\/\/www.hebammenpraxis-ellwangen.de\/wp\/wp-content\/uploads\/kati.png\"><img loading=\"lazy\" decoding=\"async\" class=\"alignnone wp-image-1238 size-full\" src=\"https:\/\/www.hebammenpraxis-ellwangen.de\/wp\/wp-content\/uploads\/kati.png\" alt=\"kati\" width=\"582\" height=\"400\" \/><\/a><\/p>\n<p><strong>Katrin Bauer<\/strong><\/p>\n<p><em>1. Seit wann arbeitest du im Team der Hebammenpraxis Ellwangen?<\/em><br \/>\nDie Hebammenpraxis Ellwangen ist mein \u201eBaby\u201c<\/p>\n<p><em>2. Seit wann arbeitest du als Hebamme?<\/em><br \/>\nOktober 2005<\/p>\n<p><em>3. Was sind deine Schwerpunkte in der Hebammenpraxis Ellwangen?<\/em><br \/>\nGeburtsvorbereitung f\u00fcr Frauen und Paare, Babymassage, Stillberatung, gesundes Babytragen, Praxisorganisation<\/p>\n<p><em>4. Welche Themen liegen dir besonders am Herzen?<\/em><br \/>\nStillen \u2013 neben meiner inzwischen \u00fcber 4 j\u00e4hrigen eigenen Stillerfahrung (vom Baby bis zum Kleinkind) bin ich auch IBCLC (Still- und Laktationsberaterin), wor\u00fcber ich sehr froh bin.<\/p>\n<p><em>5. Was ist deiner Ansicht nach eine Besonderheit\/St\u00e4rke der Hebammenpraxis Ellwangen?<\/em><br \/>\nIndividuelle, \u00fcberschaubare Kurse; ein gro\u00dfes Kursangebot und ein Team aus verschiedenen Berufsgruppen; \u00fcbersichtliche Homepage und einfache Onlinebuchung<\/p>\n<p><em>6. Was w\u00fcnscht du dir f\u00fcr 2016?<\/em><br \/>\nMehr Zeit f\u00fcr meine eigene Familie, zufriedene Familien in Kursen und Betreuungen.<\/p>\n<p><em>7. Was machst du in deiner Freizeit?<\/em><br \/>\nZeit mit meiner Familie verbringen<\/p>\n<p><em>8. Was w\u00e4re dein Traumurlaubsziel?<\/em><br \/>\nKreuzfahrt ans Nordkap<\/p>\n<p><em>9. Was war ein besonderes Erlebnis im Leben mit dem Kind?<\/em><br \/>\nAls meine gro\u00dfe Tochter Ihren kleinen Bruder das erste Mal gesehen hat.<\/p>\n<p><em>10. Was f\u00e4llt dir ein, wenn du das Wort STILLEN h\u00f6rst?<\/em><br \/>\nBabys nat\u00fcrliche Nahrung, viel N\u00e4he, Praktisch, enge Bindung, teils anstrengend, ruhige N\u00e4chte, kosteng\u00fcnstig,&#8230;<\/p>\n<p><em>11. WOCHENBETT \u2013 eine sehr besondere Zeit. Was f\u00e4llt dir dazu ein?<\/em><br \/>\nFamilie entsteht, Ruhephase, neuer Lebensabschnitt, Wechselbad der Gef\u00fchle.<br \/>\nWenn ich irgendwann nochmal selbst in dieser Situation sein sollte m\u00f6chte ich es intensiver leben.<\/p>\n<p><em>12. Hier habe ich entbunden\/w\u00fcrde ich gerne mein Kind bekommen?<\/em><br \/>\nMeine Kinder sind beide zu Hause geboren und ich w\u00fcrde mich so immer wieder entscheiden! So ein wundervolles Erlebnis im eigenen Zuhause vergisst man nie.<strong><br \/>\n<\/strong><\/p>\n","protected":false},"excerpt":{"rendered":"<p>Katrin Bauer 1. Seit wann arbeitest du im Team der Hebammenpraxis Ellwangen? Die Hebammenpraxis Ellwangen ist mein \u201eBaby\u201c 2. Seit wann arbeitest du als Hebamme? Oktober 2005 3. Was sind deine Schwerpunkte in der Hebammenpraxis Ellwangen? Geburtsvorbereitung f\u00fcr Frauen und Paare, Babymassage, Stillberatung, gesundes Babytragen, Praxisorganisation 4. Welche Themen liegen dir besonders am Herzen? Stillen&#8230;<\/p>\n","protected":false},"author":3,"featured_media":1017,"comment_status":"closed","ping_status":"closed","sticky":false,"template":"","format":"standard","meta":{"footnotes":""},"categories":[42,1,44],"tags":[43,48],"class_list":["post-974","post","type-post","status-publish","format-standard","has-post-thumbnail","hentry","category-adventskalender","category-allgemein","category-team","tag-adventskalender","tag-interview-team"],"yoast_head":"<!-- This site is optimized with the Yoast SEO plugin v20.2.1 - https:\/\/yoast.com\/wordpress\/plugins\/seo\/ -->\n<title>1. Dezember - Hebammenpraxis<\/title>\n<meta name=\"robots\" content=\"index, follow, max-snippet:-1, max-image-preview:large, max-video-preview:-1\" \/>\n<link rel=\"canonical\" href=\"https:\/\/www.hebammenpraxis-ellwangen.de\/wp\/1-dezember\/\" \/>\n<meta property=\"og:locale\" content=\"de_DE\" \/>\n<meta property=\"og:type\" content=\"article\" \/>\n<meta property=\"og:title\" content=\"1. Dezember - Hebammenpraxis\" \/>\n<meta property=\"og:description\" content=\"Katrin Bauer 1. Seit wann arbeitest du im Team der Hebammenpraxis Ellwangen? Die Hebammenpraxis Ellwangen ist mein \u201eBaby\u201c 2. Seit wann arbeitest du als Hebamme? Oktober 2005 3. Was sind deine Schwerpunkte in der Hebammenpraxis Ellwangen? Geburtsvorbereitung f\u00fcr Frauen und Paare, Babymassage, Stillberatung, gesundes Babytragen, Praxisorganisation 4. Welche Themen liegen dir besonders am Herzen? Stillen...\" \/>\n<meta property=\"og:url\" content=\"https:\/\/www.hebammenpraxis-ellwangen.de\/wp\/1-dezember\/\" \/>\n<meta property=\"og:site_name\" content=\"Hebammenpraxis\" \/>\n<meta property=\"article:published_time\" content=\"2015-12-01T08:12:42+00:00\" \/>\n<meta property=\"article:modified_time\" content=\"2018-05-23T10:04:05+00:00\" \/>\n<meta property=\"og:image\" content=\"https:\/\/www.hebammenpraxis-ellwangen.de\/wp\/wp-content\/uploads\/1Dezember.png\" \/>\n\t<meta property=\"og:image:width\" content=\"582\" \/>\n\t<meta property=\"og:image:height\" content=\"400\" \/>\n\t<meta property=\"og:image:type\" content=\"image\/png\" \/>\n<meta name=\"author\" content=\"SuperKaty\" \/>\n<meta name=\"twitter:card\" content=\"summary_large_image\" \/>\n<meta name=\"twitter:label1\" content=\"Verfasst von\" \/>\n\t<meta name=\"twitter:data1\" content=\"SuperKaty\" \/>\n\t<meta name=\"twitter:label2\" content=\"Gesch\u00e4tzte Lesezeit\" \/>\n\t<meta name=\"twitter:data2\" content=\"1\u00a0Minute\" \/>\n<script type=\"application\/ld+json\" class=\"yoast-schema-graph\">{\"@context\":\"https:\/\/schema.org\",\"@graph\":[{\"@type\":\"Article\",\"@id\":\"https:\/\/www.hebammenpraxis-ellwangen.de\/wp\/1-dezember\/#article\",\"isPartOf\":{\"@id\":\"https:\/\/www.hebammenpraxis-ellwangen.de\/wp\/1-dezember\/\"},\"author\":{\"name\":\"SuperKaty\",\"@id\":\"https:\/\/www.hebammenpraxis-ellwangen.de\/wp\/#\/schema\/person\/29df943473a5a5caab4f3e10a6b45b9c\"},\"headline\":\"1. Dezember\",\"datePublished\":\"2015-12-01T08:12:42+00:00\",\"dateModified\":\"2018-05-23T10:04:05+00:00\",\"mainEntityOfPage\":{\"@id\":\"https:\/\/www.hebammenpraxis-ellwangen.de\/wp\/1-dezember\/\"},\"wordCount\":272,\"publisher\":{\"@id\":\"https:\/\/www.hebammenpraxis-ellwangen.de\/wp\/#organization\"},\"keywords\":[\"Adventskalender\",\"Interview Team\"],\"articleSection\":{\"0\":\"Adventskalender\",\"2\":\"Team\"},\"inLanguage\":\"de\"},{\"@type\":\"WebPage\",\"@id\":\"https:\/\/www.hebammenpraxis-ellwangen.de\/wp\/1-dezember\/\",\"url\":\"https:\/\/www.hebammenpraxis-ellwangen.de\/wp\/1-dezember\/\",\"name\":\"1. Dezember - Hebammenpraxis\",\"isPartOf\":{\"@id\":\"https:\/\/www.hebammenpraxis-ellwangen.de\/wp\/#website\"},\"datePublished\":\"2015-12-01T08:12:42+00:00\",\"dateModified\":\"2018-05-23T10:04:05+00:00\",\"breadcrumb\":{\"@id\":\"https:\/\/www.hebammenpraxis-ellwangen.de\/wp\/1-dezember\/#breadcrumb\"},\"inLanguage\":\"de\",\"potentialAction\":[{\"@type\":\"ReadAction\",\"target\":[\"https:\/\/www.hebammenpraxis-ellwangen.de\/wp\/1-dezember\/\"]}]},{\"@type\":\"BreadcrumbList\",\"@id\":\"https:\/\/www.hebammenpraxis-ellwangen.de\/wp\/1-dezember\/#breadcrumb\",\"itemListElement\":[{\"@type\":\"ListItem\",\"position\":1,\"name\":\"Home\",\"item\":\"https:\/\/www.hebammenpraxis-ellwangen.de\/wp\/\"},{\"@type\":\"ListItem\",\"position\":2,\"name\":\"1. Dezember\"}]},{\"@type\":\"WebSite\",\"@id\":\"https:\/\/www.hebammenpraxis-ellwangen.de\/wp\/#website\",\"url\":\"https:\/\/www.hebammenpraxis-ellwangen.de\/wp\/\",\"name\":\"Hebammenpraxis\",\"description\":\"Ellwangen\",\"publisher\":{\"@id\":\"https:\/\/www.hebammenpraxis-ellwangen.de\/wp\/#organization\"},\"potentialAction\":[{\"@type\":\"SearchAction\",\"target\":{\"@type\":\"EntryPoint\",\"urlTemplate\":\"https:\/\/www.hebammenpraxis-ellwangen.de\/wp\/?s={search_term_string}\"},\"query-input\":\"required name=search_term_string\"}],\"inLanguage\":\"de\"},{\"@type\":\"Organization\",\"@id\":\"https:\/\/www.hebammenpraxis-ellwangen.de\/wp\/#organization\",\"name\":\"Hebammenpraxis Ellwangen\",\"url\":\"https:\/\/www.hebammenpraxis-ellwangen.de\/wp\/\",\"logo\":{\"@type\":\"ImageObject\",\"inLanguage\":\"de\",\"@id\":\"https:\/\/www.hebammenpraxis-ellwangen.de\/wp\/#\/schema\/logo\/image\/\",\"url\":\"https:\/\/www.hebammenpraxis-ellwangen.de\/wp\/wp-content\/uploads\/Logo_He.png\",\"contentUrl\":\"https:\/\/www.hebammenpraxis-ellwangen.de\/wp\/wp-content\/uploads\/Logo_He.png\",\"width\":407,\"height\":408,\"caption\":\"Hebammenpraxis Ellwangen\"},\"image\":{\"@id\":\"https:\/\/www.hebammenpraxis-ellwangen.de\/wp\/#\/schema\/logo\/image\/\"}},{\"@type\":\"Person\",\"@id\":\"https:\/\/www.hebammenpraxis-ellwangen.de\/wp\/#\/schema\/person\/29df943473a5a5caab4f3e10a6b45b9c\",\"name\":\"SuperKaty\",\"image\":{\"@type\":\"ImageObject\",\"inLanguage\":\"de\",\"@id\":\"https:\/\/www.hebammenpraxis-ellwangen.de\/wp\/#\/schema\/person\/image\/\",\"url\":\"https:\/\/secure.gravatar.com\/avatar\/3167d290c4b329f9bc5021519947a44b4eddae5134841edd33c42f8dbfe3d8ac?s=96&d=mm&r=g\",\"contentUrl\":\"https:\/\/secure.gravatar.com\/avatar\/3167d290c4b329f9bc5021519947a44b4eddae5134841edd33c42f8dbfe3d8ac?s=96&d=mm&r=g\",\"caption\":\"SuperKaty\"},\"url\":\"https:\/\/www.hebammenpraxis-ellwangen.de\/wp\/author\/superkaty\/\"}]}<\/script>\n<!-- \/ Yoast SEO plugin. -->","yoast_head_json":{"title":"1. Dezember - Hebammenpraxis","robots":{"index":"index","follow":"follow","max-snippet":"max-snippet:-1","max-image-preview":"max-image-preview:large","max-video-preview":"max-video-preview:-1"},"canonical":"https:\/\/www.hebammenpraxis-ellwangen.de\/wp\/1-dezember\/","og_locale":"de_DE","og_type":"article","og_title":"1. Dezember - Hebammenpraxis","og_description":"Katrin Bauer 1. Seit wann arbeitest du im Team der Hebammenpraxis Ellwangen? Die Hebammenpraxis Ellwangen ist mein \u201eBaby\u201c 2. Seit wann arbeitest du als Hebamme? Oktober 2005 3. Was sind deine Schwerpunkte in der Hebammenpraxis Ellwangen? Geburtsvorbereitung f\u00fcr Frauen und Paare, Babymassage, Stillberatung, gesundes Babytragen, Praxisorganisation 4. Welche Themen liegen dir besonders am Herzen? Stillen...","og_url":"https:\/\/www.hebammenpraxis-ellwangen.de\/wp\/1-dezember\/","og_site_name":"Hebammenpraxis","article_published_time":"2015-12-01T08:12:42+00:00","article_modified_time":"2018-05-23T10:04:05+00:00","og_image":[{"width":582,"height":400,"url":"https:\/\/www.hebammenpraxis-ellwangen.de\/wp\/wp-content\/uploads\/1Dezember.png","type":"image\/png"}],"author":"SuperKaty","twitter_card":"summary_large_image","twitter_misc":{"Verfasst von":"SuperKaty","Gesch\u00e4tzte Lesezeit":"1\u00a0Minute"},"schema":{"@context":"https:\/\/schema.org","@graph":[{"@type":"Article","@id":"https:\/\/www.hebammenpraxis-ellwangen.de\/wp\/1-dezember\/#article","isPartOf":{"@id":"https:\/\/www.hebammenpraxis-ellwangen.de\/wp\/1-dezember\/"},"author":{"name":"SuperKaty","@id":"https:\/\/www.hebammenpraxis-ellwangen.de\/wp\/#\/schema\/person\/29df943473a5a5caab4f3e10a6b45b9c"},"headline":"1. Dezember","datePublished":"2015-12-01T08:12:42+00:00","dateModified":"2018-05-23T10:04:05+00:00","mainEntityOfPage":{"@id":"https:\/\/www.hebammenpraxis-ellwangen.de\/wp\/1-dezember\/"},"wordCount":272,"publisher":{"@id":"https:\/\/www.hebammenpraxis-ellwangen.de\/wp\/#organization"},"keywords":["Adventskalender","Interview Team"],"articleSection":{"0":"Adventskalender","2":"Team"},"inLanguage":"de"},{"@type":"WebPage","@id":"https:\/\/www.hebammenpraxis-ellwangen.de\/wp\/1-dezember\/","url":"https:\/\/www.hebammenpraxis-ellwangen.de\/wp\/1-dezember\/","name":"1. Dezember - Hebammenpraxis","isPartOf":{"@id":"https:\/\/www.hebammenpraxis-ellwangen.de\/wp\/#website"},"datePublished":"2015-12-01T08:12:42+00:00","dateModified":"2018-05-23T10:04:05+00:00","breadcrumb":{"@id":"https:\/\/www.hebammenpraxis-ellwangen.de\/wp\/1-dezember\/#breadcrumb"},"inLanguage":"de","potentialAction":[{"@type":"ReadAction","target":["https:\/\/www.hebammenpraxis-ellwangen.de\/wp\/1-dezember\/"]}]},{"@type":"BreadcrumbList","@id":"https:\/\/www.hebammenpraxis-ellwangen.de\/wp\/1-dezember\/#breadcrumb","itemListElement":[{"@type":"ListItem","position":1,"name":"Home","item":"https:\/\/www.hebammenpraxis-ellwangen.de\/wp\/"},{"@type":"ListItem","position":2,"name":"1. Dezember"}]},{"@type":"WebSite","@id":"https:\/\/www.hebammenpraxis-ellwangen.de\/wp\/#website","url":"https:\/\/www.hebammenpraxis-ellwangen.de\/wp\/","name":"Hebammenpraxis","description":"Ellwangen","publisher":{"@id":"https:\/\/www.hebammenpraxis-ellwangen.de\/wp\/#organization"},"potentialAction":[{"@type":"SearchAction","target":{"@type":"EntryPoint","urlTemplate":"https:\/\/www.hebammenpraxis-ellwangen.de\/wp\/?s={search_term_string}"},"query-input":"required name=search_term_string"}],"inLanguage":"de"},{"@type":"Organization","@id":"https:\/\/www.hebammenpraxis-ellwangen.de\/wp\/#organization","name":"Hebammenpraxis Ellwangen","url":"https:\/\/www.hebammenpraxis-ellwangen.de\/wp\/","logo":{"@type":"ImageObject","inLanguage":"de","@id":"https:\/\/www.hebammenpraxis-ellwangen.de\/wp\/#\/schema\/logo\/image\/","url":"https:\/\/www.hebammenpraxis-ellwangen.de\/wp\/wp-content\/uploads\/Logo_He.png","contentUrl":"https:\/\/www.hebammenpraxis-ellwangen.de\/wp\/wp-content\/uploads\/Logo_He.png","width":407,"height":408,"caption":"Hebammenpraxis Ellwangen"},"image":{"@id":"https:\/\/www.hebammenpraxis-ellwangen.de\/wp\/#\/schema\/logo\/image\/"}},{"@type":"Person","@id":"https:\/\/www.hebammenpraxis-ellwangen.de\/wp\/#\/schema\/person\/29df943473a5a5caab4f3e10a6b45b9c","name":"SuperKaty","image":{"@type":"ImageObject","inLanguage":"de","@id":"https:\/\/www.hebammenpraxis-ellwangen.de\/wp\/#\/schema\/person\/image\/","url":"https:\/\/secure.gravatar.com\/avatar\/3167d290c4b329f9bc5021519947a44b4eddae5134841edd33c42f8dbfe3d8ac?s=96&d=mm&r=g","contentUrl":"https:\/\/secure.gravatar.com\/avatar\/3167d290c4b329f9bc5021519947a44b4eddae5134841edd33c42f8dbfe3d8ac?s=96&d=mm&r=g","caption":"SuperKaty"},"url":"https:\/\/www.hebammenpraxis-ellwangen.de\/wp\/author\/superkaty\/"}]}},"_links":{"self":[{"href":"https:\/\/www.hebammenpraxis-ellwangen.de\/wp\/wp-json\/wp\/v2\/posts\/974","targetHints":{"allow":["GET"]}}],"collection":[{"href":"https:\/\/www.hebammenpraxis-ellwangen.de\/wp\/wp-json\/wp\/v2\/posts"}],"about":[{"href":"https:\/\/www.hebammenpraxis-ellwangen.de\/wp\/wp-json\/wp\/v2\/types\/post"}],"author":[{"embeddable":true,"href":"https:\/\/www.hebammenpraxis-ellwangen.de\/wp\/wp-json\/wp\/v2\/users\/3"}],"replies":[{"embeddable":true,"href":"https:\/\/www.hebammenpraxis-ellwangen.de\/wp\/wp-json\/wp\/v2\/comments?post=974"}],"version-history":[{"count":17,"href":"https:\/\/www.hebammenpraxis-ellwangen.de\/wp\/wp-json\/wp\/v2\/posts\/974\/revisions"}],"predecessor-version":[{"id":2685,"href":"https:\/\/www.hebammenpraxis-ellwangen.de\/wp\/wp-json\/wp\/v2\/posts\/974\/revisions\/2685"}],"wp:featuredmedia":[{"embeddable":true,"href":"https:\/\/www.hebammenpraxis-ellwangen.de\/wp\/wp-json\/wp\/v2\/media\/1017"}],"wp:attachment":[{"href":"https:\/\/www.hebammenpraxis-ellwangen.de\/wp\/wp-json\/wp\/v2\/media?parent=974"}],"wp:term":[{"taxonomy":"category","embeddable":true,"href":"https:\/\/www.hebammenpraxis-ellwangen.de\/wp\/wp-json\/wp\/v2\/categories?post=974"},{"taxonomy":"post_tag","embeddable":true,"href":"https:\/\/www.hebammenpraxis-ellwangen.de\/wp\/wp-json\/wp\/v2\/tags?post=974"}],"curies":[{"name":"wp","href":"https:\/\/api.w.org\/{rel}","templated":true}]}}